{"id":6669,"date":"2015-09-08T11:50:30","date_gmt":"2015-09-08T10:50:30","guid":{"rendered":"https:\/\/www.albeeassociati.it\/?p=6669"},"modified":"2024-11-12T09:45:21","modified_gmt":"2024-11-12T08:45:21","slug":"il-contratto-a-tempo-determinato","status":"publish","type":"post","link":"https:\/\/www.albeeassociati.it\/en\/il-contratto-a-tempo-determinato\/","title":{"rendered":"Il contratto a tempo determinato"},"content":{"rendered":"<p style=\"text-align: justify;\"><em>dopo il Jobs Act<\/em><\/p>\n<p style=\"text-align: justify;\">Dal 2014 il <a href=\"https:\/\/it.wikipedia.org\/wiki\/Contratto_di_lavoro_a_tempo_determinato\" target=\"_blank\" rel=\"noopener noreferrer\">contratto a tempo determinato<\/a> \u00e8 stato oggetto di interventi normativi volti ad una <strong>semplificazione<\/strong> della disciplina. Nel D.Lgs. 81\/2015 il legislatore ha, infine, richiamato in unico testo <strong>la disciplina sostanziale, le norme relative all\u2019impugnazione nonch\u00e9 il regime sanzionatorio<\/strong>. La disciplina contenuta nel D.Lgs. 81\/2015 si applica a decorrere dal 25.06.2015 nel rispetto delle seguenti previsioni.<\/p>\n<p style=\"text-align: justify;\"><strong><span style=\"text-decoration: underline;\">FORMA E CONTENUTO DEL CONTRATTO<\/span><\/strong><\/p>\n<p style=\"text-align: justify;\">Il contratto a tempo determinato deve essere stipulato <strong>in forma scritta<\/strong>, salvo abbia una durata non superiore a 12 giorni.<\/p>\n<p style=\"text-align: justify;\"><span style=\"text-decoration: underline;\">Non occorre<\/span> indicare alcuna motivazione del termine: \u00e8 bene, comunque, ricordare che, qualora la ragione del termine sia stata specificata, <span style=\"text-decoration: underline;\">deve essere<\/span> oggetto di puntuale prova da parte del datore di lavoro in giudizio <strong>nel caso di impugnazione da parte del lavoratore<\/strong>.<\/p>\n<p style=\"text-align: justify;\"><a href=\"https:\/\/www.albeeassociati.it\/wp-content\/uploads\/2015\/09\/FOTO1contract-articolo-lavoro-n.2.jpg\"><img decoding=\"async\" loading=\"lazy\" class=\" wp-image-6670 aligncenter\" src=\"https:\/\/www.albeeassociati.it\/wp-content\/uploads\/2015\/09\/FOTO1contract-articolo-lavoro-n.2-300x300.jpg\" alt=\"Signing a contract. Vector illustration\" width=\"250\" height=\"250\" \/><\/a><\/p>\n<p style=\"text-align: justify;\">Nel <strong>contratto<\/strong> deve essere richiamato espressamente <strong>il diritto di precedenza<\/strong> previsto dall\u2019art. 24 D.Lgs. 81\/2015, che stabilisce che, salva diversa disposizione del <a href=\"https:\/\/it.wikipedia.org\/wiki\/Contratto_collettivo_nazionale_di_lavoro\" target=\"_blank\" rel=\"noopener noreferrer\">contratto collettivo applicato<\/a>, il lavoratore che, nell&#8217;esecuzione di uno o pi\u00f9 <strong>contratti a tempo determinato<\/strong> presso la stessa azienda, ha prestato attivit\u00e0 lavorativa per un <span style=\"text-decoration: underline;\">periodo superiore a 6 mesi<\/span>, ha diritto di precedenza nelle assunzioni a tempo indeterminato effettuate entro i successivi 12 mesi con riferimento alle mansioni espletate.<\/p>\n<p style=\"text-align: justify;\"><span style=\"text-decoration: underline;\">E\u2019 necessario<\/span> che il lavoratore manifesti al datore di lavoro per iscritto la propria volont\u00e0 di esercitare <strong>il diritto di precedenza<\/strong> entro 6 mesi dalla cessazione del rapporto per la generalit\u00e0 dei rapporti e in ogni caso per le lavoratrici madri; il termine \u00e8 ridotto a 3 mesi per le attivit\u00e0 stagionali. <strong>Il diritto di precedenza<\/strong> si estingue trascorso un anno dalla cessazione del rapporto.<\/p>\n<p style=\"text-align: justify;\"><span style=\"text-decoration: underline;\">Il datore di lavoro deve<\/span> informare i lavoratori a tempo determinato, nonch\u00e9 le <em>RSA<\/em> ovvero la<a href=\"https:\/\/it.wikipedia.org\/wiki\/Rappresentanza_sindacale_unitaria\" target=\"_blank\" rel=\"noopener noreferrer\"> RSU<\/a>, circa i posti vacanti che si rendono disponibili nell\u2019impresa secondo le modalit\u00e0 definite dal <strong>contratto collettivo applicato<\/strong>.<\/p>\n<p style=\"text-align: justify;\">Infine, come per il tempo indeterminato, nel <strong>contratto<\/strong> devono essere indicate <strong>le condizioni generali<\/strong> regolanti il rapporto (<em>mansioni, inquadramento contrattuale, luogo di lavoro, orario di lavoro, trattamento economico, eventuale periodo di prova, etc.<\/em>).<\/p>\n<p style=\"text-align: justify;\"><a href=\"https:\/\/www.albeeassociati.it\/wp-content\/uploads\/2015\/09\/FOTO-2-ARTICOLO-2-LAVORO.jpg\"><img decoding=\"async\" loading=\"lazy\" class=\" wp-image-6671 aligncenter\" src=\"https:\/\/www.albeeassociati.it\/wp-content\/uploads\/2015\/09\/FOTO-2-ARTICOLO-2-LAVORO-300x300.jpg\" alt=\"Handshake sign icon. Successful business symbol.\" width=\"241\" height=\"241\" \/><\/a><\/p>\n<p style=\"text-align: justify;\"><strong><span style=\"text-decoration: underline;\">DURATA DEL CONTRATTO E PROROGHE<\/span><\/strong><\/p>\n<p style=\"text-align: justify;\">Il <strong>contratto <\/strong><strong>a tempo determinato<\/strong> pu\u00f2 avere una durata massima di 36 mesi.<\/p>\n<p style=\"text-align: justify;\">Il mancato rispetto del limite di durata <span style=\"text-decoration: underline;\">comporta<\/span> la trasformazione del rapporto <em>a tempo indeterminato<\/em> con decorrenza dalla data del superamento del limite.<\/p>\n<p style=\"text-align: justify;\"><span style=\"text-decoration: underline;\">Se la durata iniziale<\/span> del <strong>contratto<\/strong> \u00e8 inferiore a 36 mesi, le parti possono prorogare il termine entro il limite di 36 mesi per un massimo di 5 volte.<\/p>\n<p style=\"text-align: justify;\">Qualora il numero delle proroghe sia superiore, il <strong>contratto<\/strong> si trasforma a tempo indeterminato dalla data di decorrenza della sesta proroga.<\/p>\n<p style=\"text-align: justify;\"><em><span style=\"text-decoration: underline;\">Tali limiti non si applicano alle <a href=\"https:\/\/it.wikipedia.org\/wiki\/Startup_(economia)\" target=\"_blank\" rel=\"noopener noreferrer\">start-up innovative<\/a>.<\/span><\/em><\/p>\n<p style=\"text-align: justify;\">Da notare che la nuova disciplina <span style=\"text-decoration: underline;\">non prevede<\/span> l\u2019obbligo di riferire la proroga alla stessa attivit\u00e0 lavorativa per cui il <strong>contratto<\/strong> \u00e8 stato stipulato. Pertanto, <strong>le proroghe<\/strong> potranno riguardare anche attivit\u00e0 diverse da quelle oggetto del contratto iniziale.<\/p>\n<p style=\"text-align: justify;\">Ai fini del computo dei 36 mesi si tiene conto dei rapporti a termine intercorsi tra le stesse parti per lo svolgimento di mansioni di pari livello e categoria (<em>e non per \u2018qualunque tipo di mansione\u2019, come disponeva la norma abrogata<\/em>), indipendentemente dai periodi di interruzione tra i <strong>contratti<\/strong>. <span style=\"text-decoration: underline;\">Si tiene conto<\/span> anche dei periodi di missione <strong>aventi ad oggetto mansioni di pari livello e categoria<\/strong> nell\u2019ambito di <a href=\"https:\/\/it.wikipedia.org\/wiki\/Somministrazione_di_lavoro\" target=\"_blank\" rel=\"noopener noreferrer\">somministrazioni di lavoro a tempo determinato<\/a> tra i medesimi soggetti.<\/p>\n<p style=\"text-align: justify;\">Il limite di 36 mesi pu\u00f2 essere superato, stipulando presso la<a href=\"https:\/\/it.wikipedia.org\/wiki\/Direzione_territoriale_del_lavoro\" target=\"_blank\" rel=\"noopener noreferrer\"> Direzione Territoriale del Lavoro<\/a> un <strong>contratto <\/strong>della durata massima di 12 mesi: <span style=\"text-decoration: underline;\">non \u00e8 pi\u00f9 necessaria<\/span> l\u2019assistenza di un rappresentante sindacale, prevista dalla precedente disciplina.<\/p>\n<p style=\"text-align: justify;\"><em><span style=\"text-decoration: underline;\">Sono fatte salve le diverse disposizioni dei contratti collettivi e le attivit\u00e0 stagionali. <\/span><\/em><\/p>\n<p style=\"text-align: justify;\"><a href=\"https:\/\/www.albeeassociati.it\/wp-content\/uploads\/2015\/09\/foto3-articolo-lavoro-n.2.jpg\"><img decoding=\"async\" loading=\"lazy\" class=\" size-medium wp-image-6672 aligncenter\" src=\"https:\/\/www.albeeassociati.it\/wp-content\/uploads\/2015\/09\/foto3-articolo-lavoro-n.2-300x180.jpg\" alt=\"Business network\" width=\"300\" height=\"180\" \/><\/a><\/p>\n<p style=\"text-align: justify;\"><strong><span style=\"text-decoration: underline;\">CONTINUAZIONE DEL RAPPORTO<\/span><\/strong><\/p>\n<p style=\"text-align: justify;\">Non ha subito modificazioni la possibilit\u00e0 di continuare il rapporto <strong>oltre la scadenza<\/strong> e sino al 30\u00b0 giorno in caso di <strong>contratto<\/strong> di durata inferiore a 6 mesi ovvero sino al 50\u00b0 giorno negli altri casi a fronte di una maggiorazione della retribuzione per ogni giorno di continuazione del rapporto (<em>20% fino al decimo giorno e 40% per i giorni successivi<\/em>).<\/p>\n<p style=\"text-align: justify;\"><strong><span style=\"text-decoration: underline;\">SUCCESSIONE DI CONTRATTI<\/span><\/strong><\/p>\n<p style=\"text-align: justify;\">\u00c8 confermato lo <em>stop and go<\/em> di 10 giorni per i <strong>contratti<\/strong> di durata fino a 6 mesi e di 20 giorni per quelli di durata superiore.<\/p>\n<p style=\"text-align: justify;\"><em><span style=\"text-decoration: underline;\">Tale obbligo non opera con riferimento alle start-up innovative, alle attivit\u00e0 stagionali e nelle ipotesi disciplinate dai contratti collettivi.<\/span><\/em><\/p>\n<p style=\"text-align: justify;\"><strong><span style=\"text-decoration: underline;\">NUMERO DI LAVORATORI A TEMPO DETERMINATO<\/span><\/strong><\/p>\n<p style=\"text-align: justify;\">Salva diversa disposizione dei contratti collettivi,<strong> i<\/strong> <strong>lavoratori a tempo determinato<\/strong> non possono superare il 20% dei lavoratori a tempo indeterminato in forza al 1\u00b0 gennaio dell\u2019anno di assunzione (<em>con arrotondamento all\u2019unit\u00e0 superiore del decimale uguale o superiore a 0,5<\/em>).<\/p>\n<p style=\"text-align: justify;\">In caso di <strong>inizio dell\u2019attivit\u00e0<\/strong> nel corso dell\u2019anno, si considera il numero dei lavoratori a tempo indeterminato in forza al momento dell\u2019assunzione del lavoratore a termine.<\/p>\n<p style=\"text-align: justify;\"><strong>Per i datori di lavoro<\/strong> che occupano <span style=\"text-decoration: underline;\">fino a 5 dipendenti<\/span> \u00e8 possibile stipulare un <strong>contratto di lavoro a termine<\/strong>.<\/p>\n<p style=\"text-align: justify;\">La violazione del limite numerico comporta esclusivamente l\u2019applicazione di una sanzione amministrativa<em>: <\/em><em><span style=\"text-decoration: underline;\">\u00e8 espressamente esclusa la trasformazione dei contratti a tempo determinato interessati in contratti a tempo indeterminato.<\/span><\/em><\/p>\n<p style=\"text-align: justify;\"><strong><span style=\"text-decoration: underline;\">Restano esclusi dal computo i contratti conclusi:<\/span><\/strong><\/p>\n<ul style=\"text-align: justify;\">\n<li>nella fase di <strong>avvio di nuove attivit\u00e0<\/strong> (<em>definite dai contratti collettivi<\/em>),<\/li>\n<li>da imprese <strong>start-up innovative<\/strong>,<\/li>\n<li>per le <strong>attivit\u00e0 stagionali<\/strong>,<\/li>\n<li>per specifici spettacoli ovvero <strong>programmi radiofonici o televisivi<\/strong>,<\/li>\n<li>per sostituire <strong>lavoratori assenti<\/strong>,<\/li>\n<li>con <strong>lavoratori di et\u00e0 superiore a 50 anni<\/strong> (<em>in precedenza 55 anni<\/em>),<\/li>\n<li>dalle <strong>universit\u00e0, istituti ed enti di ricerca e culturali<\/strong> con lavoratori chiamati a svolgere le attivit\u00e0 indicate dalla norma.<\/li>\n<\/ul>\n<p style=\"text-align: justify;\"><a href=\"https:\/\/www.albeeassociati.it\/wp-content\/uploads\/2015\/09\/foto4-articolo-lavoro-n.2.jpg\"><img decoding=\"async\" loading=\"lazy\" class=\" size-medium wp-image-6673 aligncenter\" src=\"https:\/\/www.albeeassociati.it\/wp-content\/uploads\/2015\/09\/foto4-articolo-lavoro-n.2-300x212.jpg\" alt=\"Argumentieren - pro und contra\" width=\"300\" height=\"212\" \/><\/a><\/p>\n<p style=\"text-align: justify;\"><strong><span style=\"text-decoration: underline;\">DIVIETI<\/span><\/strong><\/p>\n<p style=\"text-align: justify;\"><span style=\"text-decoration: underline;\"><strong><em>E\u2019 vietata l\u2019assunzione a termine:<\/em><\/strong><\/span><\/p>\n<ul style=\"text-align: justify;\">\n<li>per la sostituzione di <strong>lavoratori in sciopero<\/strong>;<\/li>\n<li>presso <strong>unit\u00e0 produttive<\/strong> nelle quali si \u00e8 proceduto, nei 6 mesi precedenti, a <a href=\"https:\/\/it.wikipedia.org\/wiki\/Licenziamento_collettivo\" target=\"_blank\" rel=\"noopener noreferrer\">licenziamenti collettivi<\/a> che hanno riguardato lavoratori adibiti alle stesse mansioni, <strong><span style=\"text-decoration: underline;\">salvo che il contratto a tempo determinato<\/span><\/strong>:\n<ul>\n<li><span style=\"color: #ff6600;\">sia concluso per sostituire lavoratori assenti o per assumere lavoratori in mobilit\u00e0,<\/span><\/li>\n<li><span style=\"color: #ff6600;\">abbia una durata iniziale non superiore a 3 mesi. <em><span style=\"text-decoration: underline;\">A differenza della precedente disciplina il divieto non \u00e8 pi\u00f9 derogabile con la sottoscrizione di accordi sindacali<\/span><\/em>;<\/span><\/li>\n<\/ul>\n<\/li>\n<li>presso unit\u00e0 produttive nelle quali sono operanti <strong>la sospensione del rapporto o la riduzione d\u2019orario<\/strong>, in regime di <a href=\"https:\/\/it.wikipedia.org\/wiki\/Cassa_integrazione_guadagni\" target=\"_blank\" rel=\"noopener noreferrer\">cassa integrazione<\/a>, che interessano lavoratori adibiti alle mansioni cui si riferisce il contratto a termine;<\/li>\n<li>da parte di datori di lavoro che non hanno effettuato <strong>la valutazione dei rischi<\/strong> per la tutela della <strong>salute e sicurezza<\/strong> dei lavoratori.<\/li>\n<\/ul>\n<p style=\"text-align: justify;\"><em><span style=\"text-decoration: underline;\">La violazione dei divieti comporta la trasformazione del contratto a tempo indeterminato.<\/span><\/em><\/p>\n<p style=\"text-align: justify;\"><strong><span style=\"text-decoration: underline;\">ESCLUSIONI<\/span><\/strong><\/p>\n<p style=\"text-align: justify;\">La disciplina del <strong>contratto a termine<\/strong> non si applica <span style=\"text-decoration: underline;\">ai dirigenti<\/span>, <span style=\"text-decoration: underline;\">ai lavoratori in mobilit\u00e0<\/span> (ad eccezione del divieto di discriminazione ex art. 25 e del criterio di computo ex art. 27) e nel caso di <span style=\"text-decoration: underline;\">esecuzione di servizi<\/span> di durata non superiore a 3 giorni <strong>nel settore del turismo e dei pubblici esercizi<\/strong> individuati dalla contrattazione collettiva (<em><span style=\"text-decoration: underline;\">nonch\u00e9 <\/span><\/em><em><span style=\"text-decoration: underline;\">agli operai agricoli, ai lavoratori richiamati in servizio volontario nel Corpo dei Vigili del Fuoco al personale supplente docente e di supporto nelle scuole, al personale del servizio sanitario nazionale, al personale accademico e del pubblico impiego<\/span><\/em>).<\/p>\n<p style=\"text-align: justify;\"><strong><span style=\"text-decoration: underline;\">CRITERIO DI COMPUTO DEI LAVORATORI A TEMPO DETERMINATO<\/span><\/strong><\/p>\n<p style=\"text-align: justify;\">Per individuare il limite dimensionale dell\u2019azienda, <strong>il computo dei dipendenti<\/strong> <strong>a termine<\/strong> si effettua sulla base del numero medio mensile (<em>dirigenti compresi<\/em>) impiegati negli ultimi due anni, tenuto conto dell\u2019effettiva durata dei rapporti di lavoro. Ci\u00f2 salvo sia diversamente previsto.<\/p>\n<p style=\"text-align: justify;\"><b><span style=\"text-decoration: underline;\">IMPUGNAZIONE E TUTELE<\/span><\/b><\/p>\n<p style=\"text-align: justify;\"><strong>L\u2019impugnazione del contratto a tempo determinato<\/strong> deve farsi <em>per iscritto<\/em> entro 120 giorni dalla cessazione e ad essa deve fare seguito nei 180 giorni successivi <strong>la proposizione del ricorso<\/strong> al <a href=\"https:\/\/it.wikipedia.org\/wiki\/Giudice_del_lavoro\" target=\"_blank\" rel=\"noopener noreferrer\">Giudice del Lavoro<\/a>, <em><span style=\"text-decoration: underline;\">pena l\u2019inefficacia dell\u2019impugnazione<\/span><\/em>.<\/p>\n<p style=\"text-align: justify;\">E\u2019 bene ricordare che <strong>la giurisprudenza prevalente<\/strong> ritiene che il termine di 180 giorni decorre dalla data di invio dell\u2019impugnazione <em><span style=\"text-decoration: underline;\">e non dalla ricezione della stessa da parte del datore di lavoro<\/span><\/em>.<\/p>\n<p style=\"text-align: justify;\"><a href=\"https:\/\/www.albeeassociati.it\/wp-content\/uploads\/2015\/09\/FOTO5-articolo-lavoro-n.2.jpg\"><img decoding=\"async\" loading=\"lazy\" class=\" size-medium wp-image-6675 aligncenter\" src=\"https:\/\/www.albeeassociati.it\/wp-content\/uploads\/2015\/09\/FOTO5-articolo-lavoro-n.2-300x231.jpg\" alt=\"contract\" width=\"300\" height=\"231\" \/><\/a><\/p>\n<p style=\"text-align: justify;\"><span style=\"text-decoration: underline;\">In caso di dichiarazione di illegittimit\u00e0 del termine<\/span>, \u00e8 prevista la trasformazione del contratto a tempo indeterminato con il riconoscimento in favore del lavoratore di <strong>un\u2019indennit\u00e0 onnicomprensiva <\/strong>tra un minimo di 2,5 e un massimo di 12 mensilit\u00e0 dell\u2019ultima retribuzione di riferimento per il calcolo del <a href=\"https:\/\/it.wikipedia.org\/wiki\/Trattamento_di_fine_rapporto\" target=\"_blank\" rel=\"noopener noreferrer\">TFR<\/a>.<\/p>\n<p style=\"text-align: justify;\">Per espressa previsione di legge, <em><span style=\"text-decoration: underline;\">tale indennit\u00e0<\/span><\/em> ristora per intero <strong>il pregiudizio subito dal lavoratore<\/strong>, <strong>comprese le conseguenze retributive e contributive<\/strong> relative al periodo compreso tra la scadenza del termine e la pronuncia con la quale il giudice ha ordinato la ricostituzione del rapporto di lavoro.<\/p>\n<p style=\"text-align: justify;\">\n","protected":false},"excerpt":{"rendered":"<p>dopo il Jobs Act Dal 2014 il contratto a tempo determinato \u00e8 stato oggetto di interventi normativi volti ad una semplificazione della disciplina. Nel D.Lgs. 81\/2015 il legislatore ha, infine, richiamato in unico testo la disciplina sostanziale, le norme relative all\u2019impugnazione nonch\u00e9 il regime sanzionatorio. La disciplina contenuta nel D.Lgs. 81\/2015 si applica a decorrere [&hellip;]<\/p>\n","protected":false},"author":1,"featured_media":11728,"comment_status":"closed","ping_status":"closed","sticky":false,"template":"","format":"standard","meta":[],"categories":[1],"tags":[],"acf":[],"_links":{"self":[{"href":"https:\/\/www.albeeassociati.it\/en\/wp-json\/wp\/v2\/posts\/6669"}],"collection":[{"href":"https:\/\/www.albeeassociati.it\/en\/wp-json\/wp\/v2\/posts"}],"about":[{"href":"https:\/\/www.albeeassociati.it\/en\/wp-json\/wp\/v2\/types\/post"}],"author":[{"embeddable":true,"href":"https:\/\/www.albeeassociati.it\/en\/wp-json\/wp\/v2\/users\/1"}],"replies":[{"embeddable":true,"href":"https:\/\/www.albeeassociati.it\/en\/wp-json\/wp\/v2\/comments?post=6669"}],"version-history":[{"count":1,"href":"https:\/\/www.albeeassociati.it\/en\/wp-json\/wp\/v2\/posts\/6669\/revisions"}],"predecessor-version":[{"id":19752,"href":"https:\/\/www.albeeassociati.it\/en\/wp-json\/wp\/v2\/posts\/6669\/revisions\/19752"}],"wp:featuredmedia":[{"embeddable":true,"href":"https:\/\/www.albeeassociati.it\/en\/wp-json\/wp\/v2\/media\/11728"}],"wp:attachment":[{"href":"https:\/\/www.albeeassociati.it\/en\/wp-json\/wp\/v2\/media?parent=6669"}],"wp:term":[{"taxonomy":"category","embeddable":true,"href":"https:\/\/www.albeeassociati.it\/en\/wp-json\/wp\/v2\/categories?post=6669"},{"taxonomy":"post_tag","embeddable":true,"href":"https:\/\/www.albeeassociati.it\/en\/wp-json\/wp\/v2\/tags?post=6669"}],"curies":[{"name":"wp","href":"https:\/\/api.w.org\/{rel}","templated":true}]}}