{"id":8771,"date":"2017-11-28T14:32:54","date_gmt":"2017-11-28T13:32:54","guid":{"rendered":"https:\/\/www.albeeassociati.it\/?p=8771"},"modified":"2024-11-12T09:43:31","modified_gmt":"2024-11-12T08:43:31","slug":"razzismo-xenofobia-nuovi-reati-231","status":"publish","type":"post","link":"https:\/\/www.albeeassociati.it\/en\/razzismo-xenofobia-nuovi-reati-231\/","title":{"rendered":"Razzismo e xenofobia: i nuovi reati \u201c231\u201d"},"content":{"rendered":"<p style=\"text-align: justify;\">E\u2019 stata pubblicata ieri in Gazzetta Ufficiale la <strong>Legge Europea 2017<\/strong> che, con lo scopo di adeguare il nostro ordinamento a quello comunitario, introduce, tra l\u2019altro, <strong>nuovi reati presupposto della responsabilit\u00e0 amministrativa degli Enti.<\/strong><\/p>\n<p style=\"text-align: justify;\">Per effetto dell\u2019art. 5 della Legge Europea 2017, infatti, il testo del D.Lgs. n. 231\/2001 si arricchisce del nuovo art. 25-terdecies titolato \u201c<strong><em>Razzismo e xenofobia<\/em><\/strong>\u201d, che qui si riporta:<\/p>\n<p style=\"text-align: justify;\">\u201c<em>Art. 25-terdecies \u2013 (Razzismo e xenofobia) \u2013 1. In relazione alla commissione dei delitti di cui all\u2019articolo 3, comma 3-bis, della legge 13 ottobre 1975, n. 654, si applica all\u2019ente la sanzione pecuniaria da duecento a ottocento quote.<\/em><\/p>\n<ol style=\"text-align: justify;\" start=\"2\">\n<li><em> Nei casi di condanna per i delitti di cui al comma 1 si applicano all\u2019ente le sanzioni interdittive previste dall\u2019articolo 9, comma 2, per una durata non inferiore a un anno.<\/em><\/li>\n<li><em> Se l\u2019ente o una sua unit\u00e0 organizzativa \u00e8 stabilmente utilizzato allo scopo unico o prevalente di consentire o agevolare la commissione dei delitti indicati nel comma 1, si applica la sanzione dell\u2019interdizione definitiva dall\u2019esercizio delle attivit\u00e0 ai sensi dell\u2019articolo 16, comma 3\u201d.<\/em><\/li>\n<\/ol>\n<p><img decoding=\"async\" loading=\"lazy\" class=\"aligncenter wp-image-8772\" src=\"https:\/\/www.albeeassociati.it\/wp-content\/uploads\/2017\/11\/Fotolia_165598589_S.jpg\" alt=\"\" width=\"660\" height=\"439\" \/><\/p>\n<p style=\"text-align: justify;\">I reati cui l\u2019articolo in commento fa riferimento sono, dunque, quelli indicati all\u2019art. 3, comma 3-bis della legge 13 ottobre 1975, n. 654, che prevede: \u201c<em>si applica la pena della reclusione da due a sei anni se la propaganda ovvero l&#8217;istigazione e l&#8217;incitamento, commessi in modo che derivi concreto pericolo di diffusione, si fondano in tutto o in parte sulla <strong>negazione della Shoah o dei crimini di genocidio, dei crimini contro l&#8217;umanit\u00e0 e dei crimini di guerra<\/strong>, come definiti dagli articoli 6, 7 e 8 dello statuto della Corte penale internazionale, ratificato ai sensi della <\/em><a href=\"https:\/\/www.iusexplorer.it\/FontiNormative\/ShowCurrentDocument?IdDocMaster=2120604&amp;IdUnitaDoc=6543327&amp;NVigUnitaDoc=1&amp;IdDatabanks=7&amp;Pagina=0\"><em>legge 12 luglio 1999, n. 232<\/em><\/a><em>\u201d.<\/em><\/p>\n<p>In relazione a detti reati, a carico dell\u2019Ente \u00e8 prevista l\u2019applicazione:<\/p>\n<ul>\n<li>della <strong>sanzione pecuniaria<\/strong> da 200 a 800 quote (e dunque, all\u2019incirca, da un minimo di \u20ac 51.644 ad un massimo di \u20ac 1.239.496);<\/li>\n<li>delle <strong>sanzioni interdittive:<\/strong><\/li>\n<\/ul>\n<p>a) interdizione dall\u2019esercizio delle attivit\u00e0,<\/p>\n<p>b) sospensione o revoca delle autorizzazioni, licenze o concessioni funzionali alla commissione dell&#8217;illecito,<\/p>\n<p>c) divieto di contrattare con la pubblica amministrazione, salvo che per ottenere le prestazioni di un pubblico servizio,<\/p>\n<p>d) esclusione da agevolazioni, finanziamenti, contributi o sussidi e l&#8217;eventuale revoca di quelli gi\u00e0 concessi,<\/p>\n<p>e) divieto di pubblicizzare beni o servizi,<\/p>\n<p>per la durata non inferiore ad un anno;<\/p>\n<ul>\n<li>della sanzione dell\u2019<strong>interdizione definitiva <\/strong>dall\u2019esercizio dell\u2019attivit\u00e0 se \u201c<em>l\u2019ente o una sua unit\u00e0 organizzativa \u00e8 stabilmente utilizzato allo scopo unico o prevalente di consentire o agevolare la commissione dei delitti<\/em>\u201d in questione.<\/li>\n<\/ul>\n<p style=\"text-align: justify;\">La modifica introdotta dalla Legge Europea 2017, che sar\u00e0 in vigore dal prossimo 12 dicembre, rende dunque necessario, per gli Enti, considerare le nuove fattispecie di reato nella mappatura dei rischi ed adottare, se del caso, regole e presidi idonei a prevenire il verificarsi dei delitti in questione, aggiornando i <strong>Modelli Organizzativi<\/strong> gi\u00e0 adottati.<\/p>\n<p><img decoding=\"async\" loading=\"lazy\" class=\"aligncenter wp-image-8773\" src=\"https:\/\/www.albeeassociati.it\/wp-content\/uploads\/2017\/11\/Fotolia_175660712_S.jpg\" alt=\"\" width=\"615\" height=\"359\" \/><\/p>\n<p style=\"text-align: justify;\">Ricordiamo, poi, che di recente la Legge 17 ottobre 2017, n. 161 ha modificato l\u2019art. 25-duodecies del D.Lgs. n. 231\/2001 titolato \u201c<strong>Impiego di cittadini di paesi terzi il cui soggiorno \u00e8 irregolare<\/strong>\u201d inserendo i commi 1-bis, 1- ter e 1-quater che qui si riportano:<\/p>\n<p style=\"text-align: justify;\">\u201c<em>1-bis. In relazione alla commissione dei delitti di cui all&#8217;articolo 12, commi 3, 3-bis e 3-ter, del testo unico di cui al\u00a0<\/em><a href=\"https:\/\/www.iusexplorer.it\/FontiNormative\/ShowCurrentDocument?IdDocMaster=1803706&amp;IdUnitaDoc=5573752&amp;NVigUnitaDoc=1&amp;IdDatabanks=7&amp;Pagina=0\"><em>decreto legislativo 25 luglio 1998, n. 286<\/em><\/a><em>, e successive modificazioni, si applica all&#8217;ente la sanzione pecuniaria da quattrocento a mille quote.<\/em><\/p>\n<p style=\"text-align: justify;\"><em>1-ter. In relazione alla commissione dei delitti di cui all&#8217;articolo 12, comma 5, del testo unico di cui al\u00a0<\/em><a href=\"https:\/\/www.iusexplorer.it\/FontiNormative\/ShowCurrentDocument?IdDocMaster=1803706&amp;IdUnitaDoc=5573752&amp;NVigUnitaDoc=1&amp;IdDatabanks=7&amp;Pagina=0\"><em>decreto legislativo 25 luglio 1998, n. 286<\/em><\/a><em>, e successive modificazioni, si applica all&#8217;ente la sanzione pecuniaria da cento a duecento quote.<\/em><\/p>\n<p style=\"text-align: justify;\"><em>1-quater. Nei casi di condanna per i delitti di cui ai commi 1-bis e 1-ter del presente articolo, si applicano le sanzioni interdittive previste dall&#8217;articolo 9, comma 2, per una durata non inferiore a un anno<\/em>.\u201d<\/p>\n<p>I nuovi reati presupposto sono, quindi, quelli di cui all\u2019art. 12, commi 3, 3-bis, 3-ter e 5 del D.Lgs. n. 286\/1998:<\/p>\n<p>\u201c<em>3<\/em><em>. Salvo che il fatto costituisca pi\u00f9 grave reato, chiunque, in violazione delle disposizioni del presente testo unico, promuove, dirige, organizza, finanzia o effettua il <strong>trasporto di stranieri nel territorio dello Stato<\/strong> ovvero compie altri atti diretti a procurarne illegalmente <strong>l&#8217;ingresso nel territorio dello Stato<\/strong>, ovvero di altro Stato del quale la persona non \u00e8 cittadina o non ha titolo di residenza permanente, \u00e8 punito con la reclusione da cinque a quindici anni e con la multa di 15.000 euro per ogni persona nel caso in cui: <\/em><\/p>\n<p><em>a) il fatto riguarda l&#8217;ingresso o la permanenza illegale nel territorio dello Stato di cinque o pi\u00f9 persone; <\/em><\/p>\n<p><em>b) la persona trasportata \u00e8 stata esposta a pericolo per la sua vita o per la sua incolumit\u00e0 per procurarne l&#8217;ingresso o la permanenza illegale; <\/em><\/p>\n<p><em>c) la persona trasportata \u00e8 stata sottoposta a trattamento inumano o degradante per procurarne l&#8217;ingresso o la permanenza illegale; <\/em><\/p>\n<p><em>d) il fatto \u00e8 commesso da tre o pi\u00f9 persone in concorso tra loro o utilizzando servizi internazionali di trasporto ovvero documenti contraffatti o alterati o comunque illegalmente ottenuti; <\/em><\/p>\n<p><em>e) gli autori del fatto hanno la disponibilit\u00e0 di armi o materie esplodenti. <\/em><\/p>\n<p><em>3-bis. Se i fatti di cui al comma 3 sono commessi ricorrendo due o pi\u00f9 delle ipotesi di cui alle lettere a), b), c), d) ed e) del medesimo comma, la pena ivi prevista \u00e8 aumentata. <\/em><\/p>\n<p><em>3-ter. La pena detentiva \u00e8 aumentata da un terzo alla met\u00e0 e si applica la multa di 25.000 euro per ogni persona se i fatti di cui ai commi 1 e 3: <\/em><\/p>\n<p><em>a) sono commessi al fine di <strong>reclutare persone da destinare alla prostituzione<\/strong> o comunque allo <strong>sfruttamento sessuale o lavorativo<\/strong> ovvero riguardano <strong>l&#8217;ingresso di minori da impiegare in attivit\u00e0 illecite al fine di favorirne lo sfruttamento<\/strong>; <\/em><\/p>\n<p><em>b) sono commessi al fine di trame profitto, anche indiretto.<\/em><\/p>\n<p><em>\u2026<\/em><\/p>\n<ol start=\"5\">\n<li><em> Fuori dei casi previsti dai commi precedenti, e salvo che il fatto non costituisca pi\u00f9 grave reato, chiunque, al fine di trarre un ingiusto profitto dalla condizione di illegalit\u00e0 dello straniero o nell&#8217;ambito delle attivit\u00e0 punite a norma del presente articolo, <strong>favorisce la permanenza di questi nel territorio dello Stato<\/strong> in violazione delle norme del presente testo unico \u00e8 punito con la reclusione fino a quattro anni e con la multa fino a lire trenta milioni. Quando il fatto \u00e8 commesso in concorso da due o pi\u00f9 persone, ovvero riguarda la permanenza di cinque o pi\u00f9 persone, la pena \u00e8 aumentata da un terzo alla met\u00e0.\u201d<\/em><\/li>\n<\/ol>\n<p>&nbsp;<\/p>\n<p>Iscriviti alla <a href=\"https:\/\/www.albeeassociati.it\/newsletter\/\">Newsletter<\/a><\/p>\n<p>&nbsp;<\/p>\n","protected":false},"excerpt":{"rendered":"<p>E\u2019 stata pubblicata ieri in Gazzetta Ufficiale la Legge Europea 2017 che, con lo scopo di adeguare il nostro ordinamento a quello comunitario, introduce, tra l\u2019altro, nuovi reati presupposto della responsabilit\u00e0 amministrativa degli Enti. Per effetto dell\u2019art. 5 della Legge Europea 2017, infatti, il testo del D.Lgs. n. 231\/2001 si arricchisce del nuovo art. 25-terdecies [&hellip;]<\/p>\n","protected":false},"author":1,"featured_media":11256,"comment_status":"closed","ping_status":"closed","sticky":false,"template":"","format":"standard","meta":[],"categories":[11],"tags":[],"acf":[],"_links":{"self":[{"href":"https:\/\/www.albeeassociati.it\/en\/wp-json\/wp\/v2\/posts\/8771"}],"collection":[{"href":"https:\/\/www.albeeassociati.it\/en\/wp-json\/wp\/v2\/posts"}],"about":[{"href":"https:\/\/www.albeeassociati.it\/en\/wp-json\/wp\/v2\/types\/post"}],"author":[{"embeddable":true,"href":"https:\/\/www.albeeassociati.it\/en\/wp-json\/wp\/v2\/users\/1"}],"replies":[{"embeddable":true,"href":"https:\/\/www.albeeassociati.it\/en\/wp-json\/wp\/v2\/comments?post=8771"}],"version-history":[{"count":1,"href":"https:\/\/www.albeeassociati.it\/en\/wp-json\/wp\/v2\/posts\/8771\/revisions"}],"predecessor-version":[{"id":19554,"href":"https:\/\/www.albeeassociati.it\/en\/wp-json\/wp\/v2\/posts\/8771\/revisions\/19554"}],"wp:featuredmedia":[{"embeddable":true,"href":"https:\/\/www.albeeassociati.it\/en\/wp-json\/wp\/v2\/media\/11256"}],"wp:attachment":[{"href":"https:\/\/www.albeeassociati.it\/en\/wp-json\/wp\/v2\/media?parent=8771"}],"wp:term":[{"taxonomy":"category","embeddable":true,"href":"https:\/\/www.albeeassociati.it\/en\/wp-json\/wp\/v2\/categories?post=8771"},{"taxonomy":"post_tag","embeddable":true,"href":"https:\/\/www.albeeassociati.it\/en\/wp-json\/wp\/v2\/tags?post=8771"}],"curies":[{"name":"wp","href":"https:\/\/api.w.org\/{rel}","templated":true}]}}